{"id":33,"date":"2016-01-21T19:14:35","date_gmt":"2016-01-21T18:14:35","guid":{"rendered":"http:\/\/thewinegoce.com\/?p=33"},"modified":"2016-01-21T19:14:35","modified_gmt":"2016-01-21T18:14:35","slug":"millesime-bio-2016","status":"publish","type":"post","link":"https:\/\/thewinegoce.com\/?p=33","title":{"rendered":"Mill\u00e9sime Bio 2016"},"content":{"rendered":"<p><strong><a href=\"http:\/\/thewinegoce.com\/wp-content\/uploads\/2016\/01\/Logo-Mill\u00e9sime-Bio-2016.jpg\" rel=\"attachment wp-att-34\"><img decoding=\"async\" loading=\"lazy\" class=\"alignnone size-medium wp-image-34\" src=\"http:\/\/thewinegoce.com\/wp-content\/uploads\/2016\/01\/Logo-Mill\u00e9sime-Bio-2016-300x164.jpg\" alt=\"Logo Mill\u00e9sime Bio 2016\" width=\"300\" height=\"164\" srcset=\"https:\/\/thewinegoce.com\/wp-content\/uploads\/2016\/01\/Logo-Mill\u00e9sime-Bio-2016-300x164.jpg 300w, https:\/\/thewinegoce.com\/wp-content\/uploads\/2016\/01\/Logo-Mill\u00e9sime-Bio-2016-768x420.jpg 768w, https:\/\/thewinegoce.com\/wp-content\/uploads\/2016\/01\/Logo-Mill\u00e9sime-Bio-2016-1024x561.jpg 1024w, https:\/\/thewinegoce.com\/wp-content\/uploads\/2016\/01\/Logo-Mill\u00e9sime-Bio-2016.jpg 1200w\" sizes=\"(max-width: 300px) 100vw, 300px\" \/><\/a><\/strong><\/p>\n<p><strong>Mill\u00e9sime bio is in less than a week time now.<\/strong><\/p>\n<p>Feel free to visit some of\u00a0the producers\u00a0and friends exhibiting there:<\/p>\n<p><strong>Domaine Caujolle Gazet<\/strong> &#8211; Terrasses du Larzac (Hall B1 Stand 330)<\/p>\n<p><strong>Les Vignerons de la Vicomt\u00e9<\/strong> &#8211; IGP Vicomt\u00e9 d&#8217;Aum\u00e9las (Hall B3 Stand 537)<\/p>\n<p><strong>Domaine de Saumarez<\/strong> &#8211; C\u00f4teaux du Languedoc (Hall B2 Stand 317)<\/p>\n<p><strong>Domaine Beauregard Mirouze<\/strong> &#8211; Corbi\u00e8res (Hall B1 stand 358)<\/p>\n<p>AND at &#8220;de Chemins en Pistes&#8221; at l&#8217;H\u00f4tel de l&#8217;a\u00e9roport Monday afternoon and Tuesday<\/p>\n<p><strong>Mas Coris<\/strong> &#8211; Cabri\u00e8res<\/p>\n<p>I&#8217;ll be pleased to meet you on their stand.<\/p>\n<p>If you come, please contact me :\u00a0camille@winegoce.com.<\/p>\n","protected":false},"excerpt":{"rendered":"<p>Mill\u00e9sime bio is in less than a week time now. Feel free to visit some of\u00a0the producers\u00a0and friends exhibiting there: Domaine Caujolle Gazet &#8211; Terrasses du Larzac (Hall B1 Stand 330) Les Vignerons de la Vicomt\u00e9 &#8211; IGP Vicomt\u00e9 d&#8217;Aum\u00e9las (Hall B3 Stand 537) Domaine de Saumarez &#8211; C\u00f4teaux du Languedoc (Hall B2 Stand 317) <a href=\"https:\/\/thewinegoce.com\/?p=33\" rel=\"nofollow\"><span class=\"sr-only\">Read more about Mill\u00e9sime Bio 2016<\/span>[&hellip;]<\/a><\/p>\n","protected":false},"author":1,"featured_media":34,"comment_status":"open","ping_status":"open","sticky":false,"template":"","format":"standard","meta":[],"categories":[1],"tags":[],"_links":{"self":[{"href":"https:\/\/thewinegoce.com\/index.php?rest_route=\/wp\/v2\/posts\/33"}],"collection":[{"href":"https:\/\/thewinegoce.com\/index.php?rest_route=\/wp\/v2\/posts"}],"about":[{"href":"https:\/\/thewinegoce.com\/index.php?rest_route=\/wp\/v2\/types\/post"}],"author":[{"embeddable":true,"href":"https:\/\/thewinegoce.com\/index.php?rest_route=\/wp\/v2\/users\/1"}],"replies":[{"embeddable":true,"href":"https:\/\/thewinegoce.com\/index.php?rest_route=%2Fwp%2Fv2%2Fcomments&post=33"}],"version-history":[{"count":2,"href":"https:\/\/thewinegoce.com\/index.php?rest_route=\/wp\/v2\/posts\/33\/revisions"}],"predecessor-version":[{"id":36,"href":"https:\/\/thewinegoce.com\/index.php?rest_route=\/wp\/v2\/posts\/33\/revisions\/36"}],"wp:featuredmedia":[{"embeddable":true,"href":"https:\/\/thewinegoce.com\/index.php?rest_route=\/wp\/v2\/media\/34"}],"wp:attachment":[{"href":"https:\/\/thewinegoce.com\/index.php?rest_route=%2Fwp%2Fv2%2Fmedia&parent=33"}],"wp:term":[{"taxonomy":"category","embeddable":true,"href":"https:\/\/thewinegoce.com\/index.php?rest_route=%2Fwp%2Fv2%2Fcategories&post=33"},{"taxonomy":"post_tag","embeddable":true,"href":"https:\/\/thewinegoce.com\/index.php?rest_route=%2Fwp%2Fv2%2Ftags&post=33"}],"curies":[{"name":"wp","href":"https:\/\/api.w.org\/{rel}","templated":true}]}}